{"id":68243,"date":"2026-05-01T23:14:01","date_gmt":"2026-05-02T06:14:01","guid":{"rendered":"https:\/\/irreverentenoticias.com\/24\/?p=68243"},"modified":"2026-05-01T23:14:03","modified_gmt":"2026-05-02T06:14:03","slug":"juan-de-dios-gamez-mendivil-solicita-licencia-temporal-como-alcalde-de-culiacan-sinaloa","status":"publish","type":"post","link":"https:\/\/irreverentenoticias.com\/24\/index.php\/2026\/05\/01\/juan-de-dios-gamez-mendivil-solicita-licencia-temporal-como-alcalde-de-culiacan-sinaloa\/","title":{"rendered":"Juan de Dios G\u00e1mez Mend\u00edvil solicita licencia temporal como alcalde de Culiac\u00e1n, Sinaloa"},"content":{"rendered":"\n<p>El alcalde de Culiac\u00e1n, Sinaloa, Juan de Dios G\u00e1mez Mend\u00edvil, pidi\u00f3 licencia temporal al cargo tras ser acusado por autoridades estadunidenses junto con el gobernador Rub\u00e9n Rocha Moya y otros ocho funcionarios y ex funcionarios de la entidad de narcotr\u00e1fico y v\u00ednculos con el c\u00e1rtel de Sinaloa.<\/p>\n\n\n\n<p>Esta noche, en sesi\u00f3n extraordinaria, el ayuntamiento de Culiac\u00e1n aprob\u00f3 la solicitud del presidente municipal y nombr\u00f3 como alcaldesa provisional a Ana Miriam Ramos Villarreal.<\/p>\n\n\n\n<p>La decisi\u00f3n se tom\u00f3 minutos despu\u00e9s de que el gobernador Rub\u00e9n Rocha Moya dio a conocer que solicit\u00f3 tambi\u00e9n licencia al Congreso del estado \u201cante el anuncio que hace el d\u00eda de hoy la Fiscal\u00eda General de la Rep\u00fablica respecto al inicio de un proceso de investigaci\u00f3n en Sinaloa\u201d<\/p>\n","protected":false},"excerpt":{"rendered":"<p>El alcalde de Culiac\u00e1n, Sinaloa, Juan de Dios G\u00e1mez Mend\u00edvil, pidi\u00f3 licencia temporal al cargo tras ser acusado<\/p>\n","protected":false},"author":2,"featured_media":68244,"comment_status":"open","ping_status":"closed","sticky":false,"template":"","format":"standard","meta":{"footnotes":""},"categories":[31,66,27,20,29,30,18],"tags":[42,58],"class_list":["post-68243","post","type-post","status-publish","format-standard","has-post-thumbnail","hentry","category-arizona","category-estados-unidos","category-mexico","category-nacionales","category-politica","category-seguridad","category-sonora","tag-claudia-sheinbaum","tag-seguridad-publica"],"featured_image_urls":{"full":["https:\/\/irreverentenoticias.com\/24\/wp-content\/uploads\/2026\/05\/juan-de-dios-gamez-mendivil-solicita-licencia-temporal-como-alcalde-de-culiacan-sinaloa_ab3b98bb-724a-49c4-a48d-b212f942a726_medialjnimgndimagefullsize.webp",1200,800,false],"thumbnail":["https:\/\/irreverentenoticias.com\/24\/wp-content\/uploads\/2026\/05\/juan-de-dios-gamez-mendivil-solicita-licencia-temporal-como-alcalde-de-culiacan-sinaloa_ab3b98bb-724a-49c4-a48d-b212f942a726_medialjnimgndimagefullsize-150x150.webp",150,150,true],"medium":["https:\/\/irreverentenoticias.com\/24\/wp-content\/uploads\/2026\/05\/juan-de-dios-gamez-mendivil-solicita-licencia-temporal-como-alcalde-de-culiacan-sinaloa_ab3b98bb-724a-49c4-a48d-b212f942a726_medialjnimgndimagefullsize-300x200.webp",300,200,true],"medium_large":["https:\/\/irreverentenoticias.com\/24\/wp-content\/uploads\/2026\/05\/juan-de-dios-gamez-mendivil-solicita-licencia-temporal-como-alcalde-de-culiacan-sinaloa_ab3b98bb-724a-49c4-a48d-b212f942a726_medialjnimgndimagefullsize-768x512.webp",640,427,true],"large":["https:\/\/irreverentenoticias.com\/24\/wp-content\/uploads\/2026\/05\/juan-de-dios-gamez-mendivil-solicita-licencia-temporal-como-alcalde-de-culiacan-sinaloa_ab3b98bb-724a-49c4-a48d-b212f942a726_medialjnimgndimagefullsize-1024x683.webp",640,427,true],"1536x1536":["https:\/\/irreverentenoticias.com\/24\/wp-content\/uploads\/2026\/05\/juan-de-dios-gamez-mendivil-solicita-licencia-temporal-como-alcalde-de-culiacan-sinaloa_ab3b98bb-724a-49c4-a48d-b212f942a726_medialjnimgndimagefullsize.webp",1200,800,false],"2048x2048":["https:\/\/irreverentenoticias.com\/24\/wp-content\/uploads\/2026\/05\/juan-de-dios-gamez-mendivil-solicita-licencia-temporal-como-alcalde-de-culiacan-sinaloa_ab3b98bb-724a-49c4-a48d-b212f942a726_medialjnimgndimagefullsize.webp",1200,800,false],"darknews-slider-full":["https:\/\/irreverentenoticias.com\/24\/wp-content\/uploads\/2026\/05\/juan-de-dios-gamez-mendivil-solicita-licencia-temporal-como-alcalde-de-culiacan-sinaloa_ab3b98bb-724a-49c4-a48d-b212f942a726_medialjnimgndimagefullsize-1200x720.webp",1200,720,true],"darknews-featured":["https:\/\/irreverentenoticias.com\/24\/wp-content\/uploads\/2026\/05\/juan-de-dios-gamez-mendivil-solicita-licencia-temporal-como-alcalde-de-culiacan-sinaloa_ab3b98bb-724a-49c4-a48d-b212f942a726_medialjnimgndimagefullsize-1024x683.webp",1024,683,true],"darknews-medium":["https:\/\/irreverentenoticias.com\/24\/wp-content\/uploads\/2026\/05\/juan-de-dios-gamez-mendivil-solicita-licencia-temporal-como-alcalde-de-culiacan-sinaloa_ab3b98bb-724a-49c4-a48d-b212f942a726_medialjnimgndimagefullsize-720x530.webp",720,530,true],"darknews-medium-square":["https:\/\/irreverentenoticias.com\/24\/wp-content\/uploads\/2026\/05\/juan-de-dios-gamez-mendivil-solicita-licencia-temporal-como-alcalde-de-culiacan-sinaloa_ab3b98bb-724a-49c4-a48d-b212f942a726_medialjnimgndimagefullsize-350x350.webp",350,350,true]},"author_info":{"display_name":"Redaccion","author_link":"https:\/\/irreverentenoticias.com\/24\/index.php\/author\/redaccion\/"},"category_info":"<a href=\"https:\/\/irreverentenoticias.com\/24\/index.php\/category\/arizona\/\" rel=\"category tag\">ARIZONA<\/a> <a href=\"https:\/\/irreverentenoticias.com\/24\/index.php\/category\/estados-unidos\/\" rel=\"category tag\">ESTADOS UNIDOS<\/a> <a href=\"https:\/\/irreverentenoticias.com\/24\/index.php\/category\/mexico\/\" rel=\"category tag\">MEXICO<\/a> <a href=\"https:\/\/irreverentenoticias.com\/24\/index.php\/category\/nacionales\/\" rel=\"category tag\">NACIONALES<\/a> <a href=\"https:\/\/irreverentenoticias.com\/24\/index.php\/category\/politica\/\" rel=\"category tag\">POLITICA<\/a> <a href=\"https:\/\/irreverentenoticias.com\/24\/index.php\/category\/seguridad\/\" rel=\"category tag\">SEGURIDAD<\/a> <a href=\"https:\/\/irreverentenoticias.com\/24\/index.php\/category\/sonora\/\" rel=\"category tag\">SONORA<\/a>","tag_info":"SONORA","comment_count":"0","_links":{"self":[{"href":"https:\/\/irreverentenoticias.com\/24\/index.php\/wp-json\/wp\/v2\/posts\/68243","targetHints":{"allow":["GET"]}}],"collection":[{"href":"https:\/\/irreverentenoticias.com\/24\/index.php\/wp-json\/wp\/v2\/posts"}],"about":[{"href":"https:\/\/irreverentenoticias.com\/24\/index.php\/wp-json\/wp\/v2\/types\/post"}],"author":[{"embeddable":true,"href":"https:\/\/irreverentenoticias.com\/24\/index.php\/wp-json\/wp\/v2\/users\/2"}],"replies":[{"embeddable":true,"href":"https:\/\/irreverentenoticias.com\/24\/index.php\/wp-json\/wp\/v2\/comments?post=68243"}],"version-history":[{"count":1,"href":"https:\/\/irreverentenoticias.com\/24\/index.php\/wp-json\/wp\/v2\/posts\/68243\/revisions"}],"predecessor-version":[{"id":68245,"href":"https:\/\/irreverentenoticias.com\/24\/index.php\/wp-json\/wp\/v2\/posts\/68243\/revisions\/68245"}],"wp:featuredmedia":[{"embeddable":true,"href":"https:\/\/irreverentenoticias.com\/24\/index.php\/wp-json\/wp\/v2\/media\/68244"}],"wp:attachment":[{"href":"https:\/\/irreverentenoticias.com\/24\/index.php\/wp-json\/wp\/v2\/media?parent=68243"}],"wp:term":[{"taxonomy":"category","embeddable":true,"href":"https:\/\/irreverentenoticias.com\/24\/index.php\/wp-json\/wp\/v2\/categories?post=68243"},{"taxonomy":"post_tag","embeddable":true,"href":"https:\/\/irreverentenoticias.com\/24\/index.php\/wp-json\/wp\/v2\/tags?post=68243"}],"curies":[{"name":"wp","href":"https:\/\/api.w.org\/{rel}","templated":true}]}}