{"id":68240,"date":"2026-05-01T22:47:47","date_gmt":"2026-05-02T05:47:47","guid":{"rendered":"https:\/\/irreverentenoticias.com\/24\/?p=68240"},"modified":"2026-05-01T22:47:49","modified_gmt":"2026-05-02T05:47:49","slug":"ruben-rocha-pide-licencia-temporal-como-gobernador-de-sinaloa","status":"publish","type":"post","link":"https:\/\/irreverentenoticias.com\/24\/index.php\/2026\/05\/01\/ruben-rocha-pide-licencia-temporal-como-gobernador-de-sinaloa\/","title":{"rendered":"Rub\u00e9n Rocha pide licencia temporal como gobernador de Sinaloa"},"content":{"rendered":"\n<p>El gobernador Rub\u00e9n Rocha Moya anunci\u00f3 que pidi\u00f3 al Congreso del estado licencia temporal al cargo mientras dure el proceso de investigaci\u00f3n que la Fiscal\u00eda General de la Rep\u00fablica inicio en su contra, luego de que el mi\u00e9rcoles pasado autoridades estadunidenses lo acusaron, junto con otros 9 funcionarios y ex funcionarios, por narcotr\u00e1fico y tener v\u00ednculos con el C\u00e1rtel de Sinaloa.<\/p>\n\n\n\n<p>\u201cLo hago desde mi profunda convicci\u00f3n republicana y con la finalidad de facilitar la actuaci\u00f3n de las autoridades mexicanas\u201d, recalc\u00f3 el mandatario morenista.<\/p>\n\n\n\n<p>En un breve mensaje difundido por el gobierno del estado, agreg\u00f3 que no va a \u201cpermitir\u201d que lo utilicen para da\u00f1ar al movimiento al que pertenece \u201cy que ha cambiado para bien la vida de millones de mexicanas y mexicanos que durante d\u00e9cadas fueron v\u00edctimas de quienes se creyeron con el derecho de despojarlos de los m\u00e1s elemental\u201d.<\/p>\n\n\n\n<p>\u201cTengo la conciencia tranquila, una vida de trabajo me respalda. Lo digo clara y contundentemente: son falsas y dolosas las acusaciones que se han vertido en mi contra, a mi pueblo y a mi familia los puedo ver de frente porque no los he traicionado nunca y nunca los traicionar\u00e9.<\/p>\n\n\n\n<p>Y eso lo demostrar\u00e9 con firmeza en el momento que las instituciones de nuestro pa\u00eds lo requieran\u201d, puntualiz\u00f3.<\/p>\n\n\n\n<p>Apenas el jueves el mandatario, descart\u00f3 pedir licencia; \u201cVoy a seguir todo el proceso, todo lo que me corresponde soy licenciado en matem\u00e1ticas y me la viv\u00ed dando clases; pero tambi\u00e9n soy abogado egresado de la UNAM, a mucha honra, entonces conozco los procedimientos\u201d, precis\u00f3 luego de encabezar en el municipio de Navolato el inicio del programa de Fertilizantes para el Bienestar.<\/p>\n\n\n\n<p>Respecto los otros nueve funcionarios y ex funcionarios se\u00f1alados por el Tribunal del Distrito Sur de Nueva York refiri\u00f3 es mismo d\u00eda que cada implicado deber\u00e1 asumir su propia defensa legal.<\/p>\n\n\n\n<p>-\u00bfUsted podr\u00eda dar la cara por ellos?- le preguntaron los representantes de la prensa.<\/p>\n\n\n\n<ul class=\"wp-block-list\">\n<li>No, por nadie. Cada quien que la d\u00e9 por s\u00ed mismo- contest\u00f3.<\/li>\n<\/ul>\n","protected":false},"excerpt":{"rendered":"<p>El gobernador Rub\u00e9n Rocha Moya anunci\u00f3 que pidi\u00f3 al Congreso del estado licencia temporal al cargo mientras dure<\/p>\n","protected":false},"author":2,"featured_media":68241,"comment_status":"open","ping_status":"closed","sticky":false,"template":"","format":"standard","meta":{"footnotes":""},"categories":[31,66,27,33,20,29,30,18],"tags":[42,58],"class_list":["post-68240","post","type-post","status-publish","format-standard","has-post-thumbnail","hentry","category-arizona","category-estados-unidos","category-mexico","category-mundo","category-nacionales","category-politica","category-seguridad","category-sonora","tag-claudia-sheinbaum","tag-seguridad-publica"],"featured_image_urls":{"full":["https:\/\/irreverentenoticias.com\/24\/wp-content\/uploads\/2026\/05\/ruben-rocha-pide-licencia-como-gobernador-de-sinaloa_9911891a-e8be-4e1c-996e-bbe1a209c6bb_media.webp",1200,679,false],"thumbnail":["https:\/\/irreverentenoticias.com\/24\/wp-content\/uploads\/2026\/05\/ruben-rocha-pide-licencia-como-gobernador-de-sinaloa_9911891a-e8be-4e1c-996e-bbe1a209c6bb_media-150x150.webp",150,150,true],"medium":["https:\/\/irreverentenoticias.com\/24\/wp-content\/uploads\/2026\/05\/ruben-rocha-pide-licencia-como-gobernador-de-sinaloa_9911891a-e8be-4e1c-996e-bbe1a209c6bb_media-300x170.webp",300,170,true],"medium_large":["https:\/\/irreverentenoticias.com\/24\/wp-content\/uploads\/2026\/05\/ruben-rocha-pide-licencia-como-gobernador-de-sinaloa_9911891a-e8be-4e1c-996e-bbe1a209c6bb_media-768x435.webp",640,363,true],"large":["https:\/\/irreverentenoticias.com\/24\/wp-content\/uploads\/2026\/05\/ruben-rocha-pide-licencia-como-gobernador-de-sinaloa_9911891a-e8be-4e1c-996e-bbe1a209c6bb_media-1024x579.webp",640,362,true],"1536x1536":["https:\/\/irreverentenoticias.com\/24\/wp-content\/uploads\/2026\/05\/ruben-rocha-pide-licencia-como-gobernador-de-sinaloa_9911891a-e8be-4e1c-996e-bbe1a209c6bb_media.webp",1200,679,false],"2048x2048":["https:\/\/irreverentenoticias.com\/24\/wp-content\/uploads\/2026\/05\/ruben-rocha-pide-licencia-como-gobernador-de-sinaloa_9911891a-e8be-4e1c-996e-bbe1a209c6bb_media.webp",1200,679,false],"darknews-slider-full":["https:\/\/irreverentenoticias.com\/24\/wp-content\/uploads\/2026\/05\/ruben-rocha-pide-licencia-como-gobernador-de-sinaloa_9911891a-e8be-4e1c-996e-bbe1a209c6bb_media.webp",1200,679,false],"darknews-featured":["https:\/\/irreverentenoticias.com\/24\/wp-content\/uploads\/2026\/05\/ruben-rocha-pide-licencia-como-gobernador-de-sinaloa_9911891a-e8be-4e1c-996e-bbe1a209c6bb_media-1024x579.webp",1024,579,true],"darknews-medium":["https:\/\/irreverentenoticias.com\/24\/wp-content\/uploads\/2026\/05\/ruben-rocha-pide-licencia-como-gobernador-de-sinaloa_9911891a-e8be-4e1c-996e-bbe1a209c6bb_media-720x530.webp",720,530,true],"darknews-medium-square":["https:\/\/irreverentenoticias.com\/24\/wp-content\/uploads\/2026\/05\/ruben-rocha-pide-licencia-como-gobernador-de-sinaloa_9911891a-e8be-4e1c-996e-bbe1a209c6bb_media-350x350.webp",350,350,true]},"author_info":{"display_name":"Redaccion","author_link":"https:\/\/irreverentenoticias.com\/24\/index.php\/author\/redaccion\/"},"category_info":"<a href=\"https:\/\/irreverentenoticias.com\/24\/index.php\/category\/arizona\/\" rel=\"category tag\">ARIZONA<\/a> <a href=\"https:\/\/irreverentenoticias.com\/24\/index.php\/category\/estados-unidos\/\" rel=\"category tag\">ESTADOS UNIDOS<\/a> <a href=\"https:\/\/irreverentenoticias.com\/24\/index.php\/category\/mexico\/\" rel=\"category tag\">MEXICO<\/a> <a href=\"https:\/\/irreverentenoticias.com\/24\/index.php\/category\/mundo\/\" rel=\"category tag\">MUNDO<\/a> <a href=\"https:\/\/irreverentenoticias.com\/24\/index.php\/category\/nacionales\/\" rel=\"category tag\">NACIONALES<\/a> <a href=\"https:\/\/irreverentenoticias.com\/24\/index.php\/category\/politica\/\" rel=\"category tag\">POLITICA<\/a> <a href=\"https:\/\/irreverentenoticias.com\/24\/index.php\/category\/seguridad\/\" rel=\"category tag\">SEGURIDAD<\/a> <a href=\"https:\/\/irreverentenoticias.com\/24\/index.php\/category\/sonora\/\" rel=\"category tag\">SONORA<\/a>","tag_info":"SONORA","comment_count":"0","_links":{"self":[{"href":"https:\/\/irreverentenoticias.com\/24\/index.php\/wp-json\/wp\/v2\/posts\/68240","targetHints":{"allow":["GET"]}}],"collection":[{"href":"https:\/\/irreverentenoticias.com\/24\/index.php\/wp-json\/wp\/v2\/posts"}],"about":[{"href":"https:\/\/irreverentenoticias.com\/24\/index.php\/wp-json\/wp\/v2\/types\/post"}],"author":[{"embeddable":true,"href":"https:\/\/irreverentenoticias.com\/24\/index.php\/wp-json\/wp\/v2\/users\/2"}],"replies":[{"embeddable":true,"href":"https:\/\/irreverentenoticias.com\/24\/index.php\/wp-json\/wp\/v2\/comments?post=68240"}],"version-history":[{"count":1,"href":"https:\/\/irreverentenoticias.com\/24\/index.php\/wp-json\/wp\/v2\/posts\/68240\/revisions"}],"predecessor-version":[{"id":68242,"href":"https:\/\/irreverentenoticias.com\/24\/index.php\/wp-json\/wp\/v2\/posts\/68240\/revisions\/68242"}],"wp:featuredmedia":[{"embeddable":true,"href":"https:\/\/irreverentenoticias.com\/24\/index.php\/wp-json\/wp\/v2\/media\/68241"}],"wp:attachment":[{"href":"https:\/\/irreverentenoticias.com\/24\/index.php\/wp-json\/wp\/v2\/media?parent=68240"}],"wp:term":[{"taxonomy":"category","embeddable":true,"href":"https:\/\/irreverentenoticias.com\/24\/index.php\/wp-json\/wp\/v2\/categories?post=68240"},{"taxonomy":"post_tag","embeddable":true,"href":"https:\/\/irreverentenoticias.com\/24\/index.php\/wp-json\/wp\/v2\/tags?post=68240"}],"curies":[{"name":"wp","href":"https:\/\/api.w.org\/{rel}","templated":true}]}}