{"id":68231,"date":"2026-05-01T14:09:59","date_gmt":"2026-05-01T21:09:59","guid":{"rendered":"https:\/\/irreverentenoticias.com\/24\/?p=68231"},"modified":"2026-05-01T14:10:01","modified_gmt":"2026-05-01T21:10:01","slug":"no-voy-a-pedir-licencia-advierte-ruben-rocha-a-la-oposicion","status":"publish","type":"post","link":"https:\/\/irreverentenoticias.com\/24\/index.php\/2026\/05\/01\/no-voy-a-pedir-licencia-advierte-ruben-rocha-a-la-oposicion\/","title":{"rendered":"No voy a pedir licencia, advierte Rub\u00e9n Rocha a la oposici\u00f3n"},"content":{"rendered":"\n<p>El gobernador de Sinaloa manifest\u00f3 no tener nada qu\u00e9 temer ante las acusaciones que le imputan en Estados Unidos por narcotr\u00e1fico.<\/p>\n\n\n\n<p>El gobernador Rub\u00e9n Rocha Moya advirti\u00f3 a la oposici\u00f3n que no va a pedir licencia para enfrentar las acusaciones que le imputan en una corte de Nueva York por nexos con los Chapitos.<\/p>\n\n\n\n<p>\u201cNo (sobre pedir licencia). Yo voy a seguir el proceso, todo el proceso, todo lo que me corresponde\u2026 \u00bfSabes qu\u00e9? soy licenciado en matem\u00e1ticas, yo me la viv\u00ed de dar clases en matem\u00e1ticas, pero tambi\u00e9n soy abogado, egresado de la UNAM, a mucha honra, entonces, conozco los procedimientos\u201d, dijo.<\/p>\n\n\n\n<p>Las declaraciones vienen en la comunidad rural de Villamoros, en Navolato, luego de que su equipo de comunicaci\u00f3n social diera a conocer la agenda 20 minutos antes de comenzar el evento.<\/p>\n\n\n\n<p>En la breve entrevista con medios, el ejecutivo estatal advirti\u00f3 adem\u00e1s que no tiene nada qu\u00e9 temer al respecto.<\/p>\n\n\n\n<p>\u201cNo temo m\u00e1s que tener la suficiente vida para darle seguimiento a todo el procedimiento judicial, si es que este se hace, establece, como sea\u2026no hay de nuestra parte absolutamente nada, nada de que temer, el que nada teme, la pasa bien; el que nada teme, nada tiene que pagar\u201d, dijo.<\/p>\n\n\n\n<p>Espaldarazo de Movimiento Ciudadano<\/p>\n\n\n\n<p>Por otra parte, Sergio P\u00edo, el nuevo dirigente en Sinaloa de Movimiento Ciudadano, grab\u00f3 un video en redes sociales en donde advirti\u00f3 que las acusaciones sobre Rub\u00e9n Rocha no deben ser tomadas a la ligera, pero que no es momento de especular.<\/p>\n\n\n\n<p>\u201cSabemos que no tenemos toda la informaci\u00f3n en este momento, por eso, en MC no vamos a especular, pero tampoco vamos a guardar silencio y daremos seguimiento a este proceso punto por punto como lo exige la ciudadan\u00eda sinaloense\u201d, apunt\u00f3.<\/p>\n\n\n\n<p>El nuevo dirigente tom\u00f3 una postura conservadora respecto a la situaci\u00f3n alej\u00e1ndose de cr\u00edticas como s\u00ed las han surgido desde otros partidos de oposici\u00f3n, sin embargo, dijo que mantendr\u00e1n la exigencia de justicia y transparencia en el proceso.<\/p>\n\n\n\n<p>\u201cPor ello exigimos transparencia total, informaci\u00f3n clara por parte del gobierno y respeto absoluto al estado de derecho. Ni persecuciones pol\u00edticas ni encubrimientos\u201d, dijo.<\/p>\n\n\n\n<p>Estas declaraciones contrastan con las que en su momento brind\u00f3 Sergio Torres F\u00e9lix, exdirigente del partido y quien sufriera un atentado el 28 de enero en Culiac\u00e1n.<\/p>\n\n\n\n<p>\u00abDesde hace m\u00e1s de un a\u00f1o hemos vivido una crisis de inseguridad en Sinaloa y esto ha provocado una crisis econ\u00f3mica que nos ha generado p\u00e9rdidas de empleos por el cierre de negocios\u00bb, critic\u00f3 el tambi\u00e9n diputado local en su intervenci\u00f3n, la cual vino tras la comparecencia del secretario de Finanzas Joaqu\u00edn Landeros G\u00fcicho.<\/p>\n\n\n\n<p>Torres F\u00e9lix sigue convaleciente tras el ataque y no se ha dado a conocer m\u00e1s detalles sobre su estado de salud a tres meses de atentado.<\/p>\n","protected":false},"excerpt":{"rendered":"<p>El gobernador de Sinaloa manifest\u00f3 no tener nada qu\u00e9 temer ante las acusaciones que le imputan en Estados<\/p>\n","protected":false},"author":2,"featured_media":68205,"comment_status":"open","ping_status":"closed","sticky":false,"template":"","format":"standard","meta":{"footnotes":""},"categories":[31,66,27,20,29,30,18],"tags":[42,58],"class_list":["post-68231","post","type-post","status-publish","format-standard","has-post-thumbnail","hentry","category-arizona","category-estados-unidos","category-mexico","category-nacionales","category-politica","category-seguridad","category-sonora","tag-claudia-sheinbaum","tag-seguridad-publica"],"featured_image_urls":{"full":["https:\/\/irreverentenoticias.com\/24\/wp-content\/uploads\/2026\/04\/4BZUYB37CFDJFBPLPSFS536W5M.avif",1006,620,false],"thumbnail":["https:\/\/irreverentenoticias.com\/24\/wp-content\/uploads\/2026\/04\/4BZUYB37CFDJFBPLPSFS536W5M-150x150.avif",150,150,true],"medium":["https:\/\/irreverentenoticias.com\/24\/wp-content\/uploads\/2026\/04\/4BZUYB37CFDJFBPLPSFS536W5M-300x185.avif",300,185,true],"medium_large":["https:\/\/irreverentenoticias.com\/24\/wp-content\/uploads\/2026\/04\/4BZUYB37CFDJFBPLPSFS536W5M-768x473.avif",640,394,true],"large":["https:\/\/irreverentenoticias.com\/24\/wp-content\/uploads\/2026\/04\/4BZUYB37CFDJFBPLPSFS536W5M.avif",640,394,false],"1536x1536":["https:\/\/irreverentenoticias.com\/24\/wp-content\/uploads\/2026\/04\/4BZUYB37CFDJFBPLPSFS536W5M.avif",1006,620,false],"2048x2048":["https:\/\/irreverentenoticias.com\/24\/wp-content\/uploads\/2026\/04\/4BZUYB37CFDJFBPLPSFS536W5M.avif",1006,620,false],"darknews-slider-full":["https:\/\/irreverentenoticias.com\/24\/wp-content\/uploads\/2026\/04\/4BZUYB37CFDJFBPLPSFS536W5M.avif",1006,620,false],"darknews-featured":["https:\/\/irreverentenoticias.com\/24\/wp-content\/uploads\/2026\/04\/4BZUYB37CFDJFBPLPSFS536W5M.avif",1006,620,false],"darknews-medium":["https:\/\/irreverentenoticias.com\/24\/wp-content\/uploads\/2026\/04\/4BZUYB37CFDJFBPLPSFS536W5M-720x530.avif",720,530,true],"darknews-medium-square":["https:\/\/irreverentenoticias.com\/24\/wp-content\/uploads\/2026\/04\/4BZUYB37CFDJFBPLPSFS536W5M-350x350.avif",350,350,true]},"author_info":{"display_name":"Redaccion","author_link":"https:\/\/irreverentenoticias.com\/24\/index.php\/author\/redaccion\/"},"category_info":"<a href=\"https:\/\/irreverentenoticias.com\/24\/index.php\/category\/arizona\/\" rel=\"category tag\">ARIZONA<\/a> <a href=\"https:\/\/irreverentenoticias.com\/24\/index.php\/category\/estados-unidos\/\" rel=\"category tag\">ESTADOS UNIDOS<\/a> <a href=\"https:\/\/irreverentenoticias.com\/24\/index.php\/category\/mexico\/\" rel=\"category tag\">MEXICO<\/a> <a href=\"https:\/\/irreverentenoticias.com\/24\/index.php\/category\/nacionales\/\" rel=\"category tag\">NACIONALES<\/a> <a href=\"https:\/\/irreverentenoticias.com\/24\/index.php\/category\/politica\/\" rel=\"category tag\">POLITICA<\/a> <a href=\"https:\/\/irreverentenoticias.com\/24\/index.php\/category\/seguridad\/\" rel=\"category tag\">SEGURIDAD<\/a> <a href=\"https:\/\/irreverentenoticias.com\/24\/index.php\/category\/sonora\/\" rel=\"category tag\">SONORA<\/a>","tag_info":"SONORA","comment_count":"0","_links":{"self":[{"href":"https:\/\/irreverentenoticias.com\/24\/index.php\/wp-json\/wp\/v2\/posts\/68231","targetHints":{"allow":["GET"]}}],"collection":[{"href":"https:\/\/irreverentenoticias.com\/24\/index.php\/wp-json\/wp\/v2\/posts"}],"about":[{"href":"https:\/\/irreverentenoticias.com\/24\/index.php\/wp-json\/wp\/v2\/types\/post"}],"author":[{"embeddable":true,"href":"https:\/\/irreverentenoticias.com\/24\/index.php\/wp-json\/wp\/v2\/users\/2"}],"replies":[{"embeddable":true,"href":"https:\/\/irreverentenoticias.com\/24\/index.php\/wp-json\/wp\/v2\/comments?post=68231"}],"version-history":[{"count":1,"href":"https:\/\/irreverentenoticias.com\/24\/index.php\/wp-json\/wp\/v2\/posts\/68231\/revisions"}],"predecessor-version":[{"id":68233,"href":"https:\/\/irreverentenoticias.com\/24\/index.php\/wp-json\/wp\/v2\/posts\/68231\/revisions\/68233"}],"wp:featuredmedia":[{"embeddable":true,"href":"https:\/\/irreverentenoticias.com\/24\/index.php\/wp-json\/wp\/v2\/media\/68205"}],"wp:attachment":[{"href":"https:\/\/irreverentenoticias.com\/24\/index.php\/wp-json\/wp\/v2\/media?parent=68231"}],"wp:term":[{"taxonomy":"category","embeddable":true,"href":"https:\/\/irreverentenoticias.com\/24\/index.php\/wp-json\/wp\/v2\/categories?post=68231"},{"taxonomy":"post_tag","embeddable":true,"href":"https:\/\/irreverentenoticias.com\/24\/index.php\/wp-json\/wp\/v2\/tags?post=68231"}],"curies":[{"name":"wp","href":"https:\/\/api.w.org\/{rel}","templated":true}]}}