{"id":68225,"date":"2026-04-30T19:56:26","date_gmt":"2026-05-01T02:56:26","guid":{"rendered":"https:\/\/irreverentenoticias.com\/24\/?p=68225"},"modified":"2026-04-30T19:56:28","modified_gmt":"2026-05-01T02:56:28","slug":"inicia-entrega-de-tarjetas-del-programa-la-escuela-es-nuestra-en-sonora","status":"publish","type":"post","link":"https:\/\/irreverentenoticias.com\/24\/index.php\/2026\/04\/30\/inicia-entrega-de-tarjetas-del-programa-la-escuela-es-nuestra-en-sonora\/","title":{"rendered":"Inicia entrega de tarjetas del programa \u201cLa Escuela es Nuestra\u201d en Sonora"},"content":{"rendered":"\n<p>En cumplimiento con el compromiso de fortalecer la educaci\u00f3n p\u00fablica en el pa\u00eds, se dio inicio en Sonora a la entrega de tarjetas del programa La Escuela es Nuestra (LEEN), una estrategia del Gobierno de M\u00e9xico que busca mejorar la infraestructura educativa a trav\u00e9s de la participaci\u00f3n directa de las comunidades escolares.<\/p>\n\n\n\n<p>El programa La Escuela es Nuestra tiene como objetivo otorgar recursos de manera directa a los planteles educativos, para que madres, padres de familia y comit\u00e9s escolares decidan en qu\u00e9 invertirlos, ya sea en la rehabilitaci\u00f3n, ampliaci\u00f3n o mejora de los espacios educativos, garantizando as\u00ed que las necesidades m\u00e1s urgentes de cada escuela sean atendidas de forma transparente y eficiente.<\/p>\n\n\n\n<p>Para el estado de Sonora, a trav\u00e9s de este programa se destinar\u00e1n m\u00e1s de 320 millones de pesos para educaci\u00f3n b\u00e1sica y m\u00e1s de 90 millones de pesos para nivel medio superior. El Delegado de los Programas para el Bienestar en Sonora, Octavio Almada Palafox, destac\u00f3 la relevancia social de esta iniciativa y el impacto positivo que genera en las comunidades.<\/p>\n\n\n\n<p>\u201cLa Escuela es Nuestra es uno de los programas m\u00e1s nobles, porque pone en el centro a las ni\u00f1as, ni\u00f1os y j\u00f3venes, pero tambi\u00e9n fortalece la organizaci\u00f3n comunitaria.<\/p>\n\n\n\n<p>Gracias al impulso de nuestra Presidenta Claudia Sheinbaum, este programa contin\u00faa creciendo y beneficiando a cientos de estudiantes, Av. Paseo de la Reforma 116, Col. Ju\u00e1rez, 06600, Ciudad de M\u00e9xico. Tel: (55) 5328 5000 www.gob.mx\/bienestar mejorando sus espacios educativos y generando bienestar desde la ra\u00edz\u201d, recalc\u00f3.<\/p>\n\n\n\n<p>En esta etapa, se\u00f1al\u00f3, se estar\u00e1n entregando m\u00e1s de mil 100 tarjetas para planteles de educaci\u00f3n b\u00e1sica y m\u00e1s de cien para nivel medio superior, beneficiando a cientos de estudiantes en todo el estado.<\/p>\n\n\n\n<p>Asimismo, se inform\u00f3 que la entrega de tarjetas del programa concluir\u00e1 el pr\u00f3ximo 17 de mayo. Asimismo, el Delegado subray\u00f3 que uno de los beneficios adicionales del programa es la generaci\u00f3n de empleos dentro de las propias comunidades, ya que las obras y mejoras en los planteles suelen realizarse con mano de obra local, lo que impulsa la econom\u00eda del entorno inmediato.<\/p>\n\n\n\n<p>Almada Palafox puntualiz\u00f3 que el personal de Bienestar no interviene en la toma de decisiones relacionadas con la contrataci\u00f3n de servicios, proveedores o mano de obra, respetando en todo momento la autonom\u00eda de los comit\u00e9s escolares, quienes son los responsables de administrar los recursos de manera directa y transparente.<\/p>\n\n\n\n<p>Con estas acciones, agreg\u00f3 el Delegado, el Gobierno de M\u00e9xico reafirma su compromiso con la educaci\u00f3n, promoviendo la participaci\u00f3n ciudadana y el desarrollo integral de las comunidades escolares.<\/p>\n","protected":false},"excerpt":{"rendered":"<p>En cumplimiento con el compromiso de fortalecer la educaci\u00f3n p\u00fablica en el pa\u00eds, se dio inicio en Sonora<\/p>\n","protected":false},"author":2,"featured_media":68226,"comment_status":"open","ping_status":"closed","sticky":false,"template":"","format":"standard","meta":{"footnotes":""},"categories":[32,22,27,17,29,38,18],"tags":[42],"class_list":["post-68225","post","type-post","status-publish","format-standard","has-post-thumbnail","hentry","category-economia","category-local","category-mexico","category-nogales","category-politica","category-salud","category-sonora","tag-claudia-sheinbaum"],"featured_image_urls":{"full":["https:\/\/irreverentenoticias.com\/24\/wp-content\/uploads\/2026\/04\/c6141aae-b065-437b-a50b-bf0fee8774a2.jpg",1280,853,false],"thumbnail":["https:\/\/irreverentenoticias.com\/24\/wp-content\/uploads\/2026\/04\/c6141aae-b065-437b-a50b-bf0fee8774a2-150x150.jpg",150,150,true],"medium":["https:\/\/irreverentenoticias.com\/24\/wp-content\/uploads\/2026\/04\/c6141aae-b065-437b-a50b-bf0fee8774a2-300x200.jpg",300,200,true],"medium_large":["https:\/\/irreverentenoticias.com\/24\/wp-content\/uploads\/2026\/04\/c6141aae-b065-437b-a50b-bf0fee8774a2-768x512.jpg",640,427,true],"large":["https:\/\/irreverentenoticias.com\/24\/wp-content\/uploads\/2026\/04\/c6141aae-b065-437b-a50b-bf0fee8774a2-1024x682.jpg",640,426,true],"1536x1536":["https:\/\/irreverentenoticias.com\/24\/wp-content\/uploads\/2026\/04\/c6141aae-b065-437b-a50b-bf0fee8774a2.jpg",1280,853,false],"2048x2048":["https:\/\/irreverentenoticias.com\/24\/wp-content\/uploads\/2026\/04\/c6141aae-b065-437b-a50b-bf0fee8774a2.jpg",1280,853,false],"darknews-slider-full":["https:\/\/irreverentenoticias.com\/24\/wp-content\/uploads\/2026\/04\/c6141aae-b065-437b-a50b-bf0fee8774a2-1280x720.jpg",1280,720,true],"darknews-featured":["https:\/\/irreverentenoticias.com\/24\/wp-content\/uploads\/2026\/04\/c6141aae-b065-437b-a50b-bf0fee8774a2-1024x682.jpg",1024,682,true],"darknews-medium":["https:\/\/irreverentenoticias.com\/24\/wp-content\/uploads\/2026\/04\/c6141aae-b065-437b-a50b-bf0fee8774a2-720x530.jpg",720,530,true],"darknews-medium-square":["https:\/\/irreverentenoticias.com\/24\/wp-content\/uploads\/2026\/04\/c6141aae-b065-437b-a50b-bf0fee8774a2-350x350.jpg",350,350,true]},"author_info":{"display_name":"Redaccion","author_link":"https:\/\/irreverentenoticias.com\/24\/index.php\/author\/redaccion\/"},"category_info":"<a href=\"https:\/\/irreverentenoticias.com\/24\/index.php\/category\/economia\/\" rel=\"category tag\">ECONOMIA<\/a> <a href=\"https:\/\/irreverentenoticias.com\/24\/index.php\/category\/local\/\" rel=\"category tag\">LOCAL<\/a> <a href=\"https:\/\/irreverentenoticias.com\/24\/index.php\/category\/mexico\/\" rel=\"category tag\">MEXICO<\/a> <a href=\"https:\/\/irreverentenoticias.com\/24\/index.php\/category\/nogales\/\" rel=\"category tag\">NOGALES<\/a> <a href=\"https:\/\/irreverentenoticias.com\/24\/index.php\/category\/politica\/\" rel=\"category tag\">POLITICA<\/a> <a href=\"https:\/\/irreverentenoticias.com\/24\/index.php\/category\/salud\/\" rel=\"category tag\">SALUD<\/a> <a href=\"https:\/\/irreverentenoticias.com\/24\/index.php\/category\/sonora\/\" rel=\"category tag\">SONORA<\/a>","tag_info":"SONORA","comment_count":"0","_links":{"self":[{"href":"https:\/\/irreverentenoticias.com\/24\/index.php\/wp-json\/wp\/v2\/posts\/68225","targetHints":{"allow":["GET"]}}],"collection":[{"href":"https:\/\/irreverentenoticias.com\/24\/index.php\/wp-json\/wp\/v2\/posts"}],"about":[{"href":"https:\/\/irreverentenoticias.com\/24\/index.php\/wp-json\/wp\/v2\/types\/post"}],"author":[{"embeddable":true,"href":"https:\/\/irreverentenoticias.com\/24\/index.php\/wp-json\/wp\/v2\/users\/2"}],"replies":[{"embeddable":true,"href":"https:\/\/irreverentenoticias.com\/24\/index.php\/wp-json\/wp\/v2\/comments?post=68225"}],"version-history":[{"count":1,"href":"https:\/\/irreverentenoticias.com\/24\/index.php\/wp-json\/wp\/v2\/posts\/68225\/revisions"}],"predecessor-version":[{"id":68227,"href":"https:\/\/irreverentenoticias.com\/24\/index.php\/wp-json\/wp\/v2\/posts\/68225\/revisions\/68227"}],"wp:featuredmedia":[{"embeddable":true,"href":"https:\/\/irreverentenoticias.com\/24\/index.php\/wp-json\/wp\/v2\/media\/68226"}],"wp:attachment":[{"href":"https:\/\/irreverentenoticias.com\/24\/index.php\/wp-json\/wp\/v2\/media?parent=68225"}],"wp:term":[{"taxonomy":"category","embeddable":true,"href":"https:\/\/irreverentenoticias.com\/24\/index.php\/wp-json\/wp\/v2\/categories?post=68225"},{"taxonomy":"post_tag","embeddable":true,"href":"https:\/\/irreverentenoticias.com\/24\/index.php\/wp-json\/wp\/v2\/tags?post=68225"}],"curies":[{"name":"wp","href":"https:\/\/api.w.org\/{rel}","templated":true}]}}