{"id":55590,"date":"2024-02-05T19:40:42","date_gmt":"2024-02-05T19:40:42","guid":{"rendered":"https:\/\/elpajaritonews.com\/?p=55590"},"modified":"2024-02-05T19:40:42","modified_gmt":"2024-02-05T19:40:42","slug":"niega-desatencion-a-jornaleros-director-de-imss-bienestar-de-caborca","status":"publish","type":"post","link":"https:\/\/irreverentenoticias.com\/24\/index.php\/2024\/02\/05\/niega-desatencion-a-jornaleros-director-de-imss-bienestar-de-caborca\/","title":{"rendered":"NIEGA DESATENCI\u00d3N A JORNALEROS DIRECTOR DE IMSS-BIENESTAR DE CABORCA"},"content":{"rendered":"<p>Alejandro Matty Ortega\/Irreverente Noticias<\/p>\n<p>&nbsp;<\/p>\n<p>Caborca, Sonora (IN).- Los 7 jornaleros baleados s\u00ed recibieron atenci\u00f3n m\u00e9dica, asegur\u00f3 el director del hospital IMSS-Bienestar de Caborca, Sonora.<\/p>\n<p>&nbsp;<\/p>\n<p>El doctor H\u00e9ctor Manuel Burruel Beltr\u00e1n afirm\u00f3 que 5 lesionados fueron dados de alta luego de ser atendidos en la Sala de Urgencias, al no presentar lesiones que ponen en riesgo sus vidas.<\/p>\n<p><img loading=\"lazy\" decoding=\"async\" class=\"alignnone wp-image-55592\" src=\"https:\/\/irreverentenoticias.com\/24\/wp-content\/uploads\/2024\/02\/1-1-232x300.jpg\" alt=\"\" width=\"434\" height=\"561\" srcset=\"https:\/\/irreverentenoticias.com\/24\/wp-content\/uploads\/2024\/02\/1-1-232x300.jpg 232w, https:\/\/irreverentenoticias.com\/24\/wp-content\/uploads\/2024\/02\/1-1-791x1024.jpg 791w, https:\/\/irreverentenoticias.com\/24\/wp-content\/uploads\/2024\/02\/1-1-768x994.jpg 768w, https:\/\/irreverentenoticias.com\/24\/wp-content\/uploads\/2024\/02\/1-1-325x420.jpg 325w, https:\/\/irreverentenoticias.com\/24\/wp-content\/uploads\/2024\/02\/1-1-640x828.jpg 640w, https:\/\/irreverentenoticias.com\/24\/wp-content\/uploads\/2024\/02\/1-1-681x881.jpg 681w, https:\/\/irreverentenoticias.com\/24\/wp-content\/uploads\/2024\/02\/1-1.jpg 989w\" sizes=\"auto, (max-width: 434px) 100vw, 434px\" \/><\/p>\n<p>El m\u00e9dico precis\u00f3 que \u00abluego de efectuar las investigaciones internas sobre este sensible asunto, me veo en la obligaci\u00f3n de puntualizar que, contrario a lo que err\u00f3neamente se ha difundido, en ning\u00fan momento se han vulnerado los protocolos de emergencia.<\/p>\n<p>&nbsp;<\/p>\n<p>Dijo que \u00abni ha habido fallos en la prestaci\u00f3n de la atenci\u00f3n m\u00e9dica requerida por los pacientes de este tipo\u00bb.<\/p>\n<p><img loading=\"lazy\" decoding=\"async\" class=\"alignnone wp-image-55593\" src=\"https:\/\/irreverentenoticias.com\/24\/wp-content\/uploads\/2024\/02\/2-1-232x300.jpg\" alt=\"\" width=\"435\" height=\"563\" srcset=\"https:\/\/irreverentenoticias.com\/24\/wp-content\/uploads\/2024\/02\/2-1-232x300.jpg 232w, https:\/\/irreverentenoticias.com\/24\/wp-content\/uploads\/2024\/02\/2-1-791x1024.jpg 791w, https:\/\/irreverentenoticias.com\/24\/wp-content\/uploads\/2024\/02\/2-1-768x994.jpg 768w, https:\/\/irreverentenoticias.com\/24\/wp-content\/uploads\/2024\/02\/2-1-325x420.jpg 325w, https:\/\/irreverentenoticias.com\/24\/wp-content\/uploads\/2024\/02\/2-1-640x828.jpg 640w, https:\/\/irreverentenoticias.com\/24\/wp-content\/uploads\/2024\/02\/2-1-681x881.jpg 681w, https:\/\/irreverentenoticias.com\/24\/wp-content\/uploads\/2024\/02\/2-1.jpg 989w\" sizes=\"auto, (max-width: 435px) 100vw, 435px\" \/><\/p>\n<p>Burruel Beltr\u00e1n agreg\u00f3 que \u00abcada uno de los pacientes fue atendido de manera r\u00e1pida, oportuna y eficaz\u00bb.<\/p>\n<p>&nbsp;<\/p>\n<p>El director del hospital IMSS-Bienestar de Caborca destac\u00f3 que \u00abante esta confusa situaci\u00f3n, por indicaciones a nivel estatal, se intent\u00f3 rescatar a los ya egresados pacientes para reingresarlos al hospital\u00bb.<\/p>\n<p>&nbsp;<\/p>\n<p>Por ello, \u00abse envi\u00f3 a personal param\u00e9dico de la unidad para dicha diligencia\u00bb.<\/p>\n<p><img loading=\"lazy\" decoding=\"async\" class=\"alignnone wp-image-55594\" src=\"https:\/\/irreverentenoticias.com\/24\/wp-content\/uploads\/2024\/02\/3-1-232x300.jpg\" alt=\"\" width=\"446\" height=\"577\" srcset=\"https:\/\/irreverentenoticias.com\/24\/wp-content\/uploads\/2024\/02\/3-1-232x300.jpg 232w, https:\/\/irreverentenoticias.com\/24\/wp-content\/uploads\/2024\/02\/3-1-791x1024.jpg 791w, https:\/\/irreverentenoticias.com\/24\/wp-content\/uploads\/2024\/02\/3-1-768x994.jpg 768w, https:\/\/irreverentenoticias.com\/24\/wp-content\/uploads\/2024\/02\/3-1-325x420.jpg 325w, https:\/\/irreverentenoticias.com\/24\/wp-content\/uploads\/2024\/02\/3-1-640x828.jpg 640w, https:\/\/irreverentenoticias.com\/24\/wp-content\/uploads\/2024\/02\/3-1-681x881.jpg 681w, https:\/\/irreverentenoticias.com\/24\/wp-content\/uploads\/2024\/02\/3-1.jpg 989w\" sizes=\"auto, (max-width: 446px) 100vw, 446px\" \/><\/p>\n<p>No obstante, \u00abal arribo de la ambulancia se constat\u00f3 que todos ellos hab\u00edan sido dados de alta tras una revisi\u00f3n\u00bb.<\/p>\n<p>&nbsp;<\/p>\n<p>Aclar\u00f3 que \u00aben la documentaci\u00f3n cl\u00ednica correspondiente, en ning\u00fan momento existi\u00f3 negligencia m\u00e9dica, ni falta en los protocolos de atenci\u00f3n\u00bb.<\/p>\n<p>&nbsp;<\/p>\n<p>Por el contrario, \u00abpese a no contar con el aval de los empleadores para la cobertura institucional se brind\u00f3 la ayuda necesaria en cumplimiento del juramento hipocr\u00e1tico que rige nuestra noble labor\u00bb .<\/p>\n<p>&nbsp;<\/p>\n<p>La tarde del domingo, familiares de 3 mujeres y 2 hombres sobrevivientes al ataque armado denunciaron p\u00fablicamente desatenci\u00f3n m\u00e9dica.<\/p>\n<p>&nbsp;<\/p>\n<p>Aseguraron que los 5 heridos a\u00fan ten\u00edan proyectiles incrustados en sus cuerpos al momento de \u00abdarlos de alta\u00bb.<\/p>\n<p>&nbsp;<\/p>\n<p>Por ello, los jornaleros fueron llevados a la Cruz Roja para recibir la atenci\u00f3n m\u00e9dica necesaria durante la tarde del domingo.<\/p>\n<p>&nbsp;<\/p>\n<p>Indignados, los familiares clamaron la ayuda de las y los reporteros que cubrieron los hechos a mediod\u00eda del domingo.<\/p>\n<p>&nbsp;<\/p>\n<p>Insistieron en que los jornaleros lesionados fueron abandonados \u00aba su suerte\u00bb.<\/p>\n","protected":false},"excerpt":{"rendered":"<p>Alejandro Matty Ortega\/Irreverente Noticias &nbsp; Caborca, Sonora (IN).- Los 7 jornaleros baleados s\u00ed recibieron atenci\u00f3n m\u00e9dica, asegur\u00f3 el<\/p>\n","protected":false},"author":2,"featured_media":55591,"comment_status":"closed","ping_status":"closed","sticky":false,"template":"","format":"standard","meta":{"footnotes":""},"categories":[27,29,38,30,18],"tags":[23,24,25],"class_list":["post-55590","post","type-post","status-publish","format-standard","has-post-thumbnail","hentry","category-mexico","category-politica","category-salud","category-seguridad","category-sonora","tag-nogales","tag-nogales-la-gran-frontera","tag-sonora-tierra-de-oportunidades"],"featured_image_urls":{"full":["https:\/\/irreverentenoticias.com\/24\/wp-content\/uploads\/2024\/02\/4638972e-44a8-4596-b7f1-9c06f20658f5.jpg",720,686,false],"thumbnail":["https:\/\/irreverentenoticias.com\/24\/wp-content\/uploads\/2024\/02\/4638972e-44a8-4596-b7f1-9c06f20658f5-150x150.jpg",150,150,true],"medium":["https:\/\/irreverentenoticias.com\/24\/wp-content\/uploads\/2024\/02\/4638972e-44a8-4596-b7f1-9c06f20658f5-300x286.jpg",300,286,true],"medium_large":["https:\/\/irreverentenoticias.com\/24\/wp-content\/uploads\/2024\/02\/4638972e-44a8-4596-b7f1-9c06f20658f5.jpg",640,610,false],"large":["https:\/\/irreverentenoticias.com\/24\/wp-content\/uploads\/2024\/02\/4638972e-44a8-4596-b7f1-9c06f20658f5.jpg",640,610,false],"1536x1536":["https:\/\/irreverentenoticias.com\/24\/wp-content\/uploads\/2024\/02\/4638972e-44a8-4596-b7f1-9c06f20658f5.jpg",720,686,false],"2048x2048":["https:\/\/irreverentenoticias.com\/24\/wp-content\/uploads\/2024\/02\/4638972e-44a8-4596-b7f1-9c06f20658f5.jpg",720,686,false],"darknews-slider-full":["https:\/\/irreverentenoticias.com\/24\/wp-content\/uploads\/2024\/02\/4638972e-44a8-4596-b7f1-9c06f20658f5.jpg",720,686,false],"darknews-featured":["https:\/\/irreverentenoticias.com\/24\/wp-content\/uploads\/2024\/02\/4638972e-44a8-4596-b7f1-9c06f20658f5.jpg",720,686,false],"darknews-medium":["https:\/\/irreverentenoticias.com\/24\/wp-content\/uploads\/2024\/02\/4638972e-44a8-4596-b7f1-9c06f20658f5.jpg",556,530,false],"darknews-medium-square":["https:\/\/irreverentenoticias.com\/24\/wp-content\/uploads\/2024\/02\/4638972e-44a8-4596-b7f1-9c06f20658f5.jpg",350,333,false]},"author_info":{"display_name":"Redaccion","author_link":"https:\/\/irreverentenoticias.com\/24\/index.php\/author\/redaccion\/"},"category_info":"<a href=\"https:\/\/irreverentenoticias.com\/24\/index.php\/category\/mexico\/\" rel=\"category tag\">MEXICO<\/a> <a href=\"https:\/\/irreverentenoticias.com\/24\/index.php\/category\/politica\/\" rel=\"category tag\">POLITICA<\/a> <a href=\"https:\/\/irreverentenoticias.com\/24\/index.php\/category\/salud\/\" rel=\"category tag\">SALUD<\/a> <a href=\"https:\/\/irreverentenoticias.com\/24\/index.php\/category\/seguridad\/\" rel=\"category tag\">SEGURIDAD<\/a> <a href=\"https:\/\/irreverentenoticias.com\/24\/index.php\/category\/sonora\/\" rel=\"category tag\">SONORA<\/a>","tag_info":"SONORA","comment_count":"0","_links":{"self":[{"href":"https:\/\/irreverentenoticias.com\/24\/index.php\/wp-json\/wp\/v2\/posts\/55590","targetHints":{"allow":["GET"]}}],"collection":[{"href":"https:\/\/irreverentenoticias.com\/24\/index.php\/wp-json\/wp\/v2\/posts"}],"about":[{"href":"https:\/\/irreverentenoticias.com\/24\/index.php\/wp-json\/wp\/v2\/types\/post"}],"author":[{"embeddable":true,"href":"https:\/\/irreverentenoticias.com\/24\/index.php\/wp-json\/wp\/v2\/users\/2"}],"replies":[{"embeddable":true,"href":"https:\/\/irreverentenoticias.com\/24\/index.php\/wp-json\/wp\/v2\/comments?post=55590"}],"version-history":[{"count":0,"href":"https:\/\/irreverentenoticias.com\/24\/index.php\/wp-json\/wp\/v2\/posts\/55590\/revisions"}],"wp:featuredmedia":[{"embeddable":true,"href":"https:\/\/irreverentenoticias.com\/24\/index.php\/wp-json\/wp\/v2\/media\/55591"}],"wp:attachment":[{"href":"https:\/\/irreverentenoticias.com\/24\/index.php\/wp-json\/wp\/v2\/media?parent=55590"}],"wp:term":[{"taxonomy":"category","embeddable":true,"href":"https:\/\/irreverentenoticias.com\/24\/index.php\/wp-json\/wp\/v2\/categories?post=55590"},{"taxonomy":"post_tag","embeddable":true,"href":"https:\/\/irreverentenoticias.com\/24\/index.php\/wp-json\/wp\/v2\/tags?post=55590"}],"curies":[{"name":"wp","href":"https:\/\/api.w.org\/{rel}","templated":true}]}}