{"id":55575,"date":"2024-02-05T15:53:13","date_gmt":"2024-02-05T15:53:13","guid":{"rendered":"https:\/\/elpajaritonews.com\/?p=55575"},"modified":"2024-02-05T15:53:13","modified_gmt":"2024-02-05T15:53:13","slug":"tres-menores-y-una-mujer-las-victimas-de-ataque-a-jornaleros-en-sonora","status":"publish","type":"post","link":"https:\/\/irreverentenoticias.com\/24\/index.php\/2024\/02\/05\/tres-menores-y-una-mujer-las-victimas-de-ataque-a-jornaleros-en-sonora\/","title":{"rendered":"TRES MENORES Y UNA MUJER LAS V\u00cdCTIMAS DE ATAQUE A JORNALEROS EN SONORA"},"content":{"rendered":"<p>Alejandro Matty Ortega\/Irreverente Noticias\/Repotaje Especial<\/p>\n<p>&nbsp;<\/p>\n<p>Caborca, Sonora (IN).- Tres menores de apenas 15 a\u00f1os de edad y una joven mujer de 30, son al momento las 4 v\u00edctimas mortales del ataque armado a un transporte de jornaleros en Caborca, Sonora.<\/p>\n<p>&nbsp;<\/p>\n<p>La Van<\/p>\n<p>&nbsp;<\/p>\n<p>Este medio binacional IRREVERENTE NOTICIAS consign\u00f3 que la Van blanca en la que viajaba el grupo de 29 jornaleros agr\u00edcolas agredidos, present\u00f3 decenas de impactos de proyectil en su carrocer\u00eda.<\/p>\n<p>&nbsp;<\/p>\n<p>La unidad fue trasladada la tarde-noche del domingo al patio trasero de las instalaciones de la Agencia Ministerial de Investigaci\u00f3n Criminal (AMIC), donde personal de Servicios Periciales realizan las pruebas de bal\u00edstica correspondientes.<\/p>\n<p><img loading=\"lazy\" decoding=\"async\" class=\"alignnone  wp-image-55577\" src=\"https:\/\/irreverentenoticias.com\/24\/wp-content\/uploads\/2024\/02\/7dbce887-b6cf-4e5f-8409-5d2828adbcfa-260x300.jpg\" alt=\"\" width=\"438\" height=\"505\" srcset=\"https:\/\/irreverentenoticias.com\/24\/wp-content\/uploads\/2024\/02\/7dbce887-b6cf-4e5f-8409-5d2828adbcfa-260x300.jpg 260w, https:\/\/irreverentenoticias.com\/24\/wp-content\/uploads\/2024\/02\/7dbce887-b6cf-4e5f-8409-5d2828adbcfa-886x1024.jpg 886w, https:\/\/irreverentenoticias.com\/24\/wp-content\/uploads\/2024\/02\/7dbce887-b6cf-4e5f-8409-5d2828adbcfa-768x887.jpg 768w, https:\/\/irreverentenoticias.com\/24\/wp-content\/uploads\/2024\/02\/7dbce887-b6cf-4e5f-8409-5d2828adbcfa-364x420.jpg 364w, https:\/\/irreverentenoticias.com\/24\/wp-content\/uploads\/2024\/02\/7dbce887-b6cf-4e5f-8409-5d2828adbcfa-640x739.jpg 640w, https:\/\/irreverentenoticias.com\/24\/wp-content\/uploads\/2024\/02\/7dbce887-b6cf-4e5f-8409-5d2828adbcfa-681x787.jpg 681w, https:\/\/irreverentenoticias.com\/24\/wp-content\/uploads\/2024\/02\/7dbce887-b6cf-4e5f-8409-5d2828adbcfa.jpg 1179w\" sizes=\"auto, (max-width: 438px) 100vw, 438px\" \/><\/p>\n<p>La agresi\u00f3n<\/p>\n<p>&nbsp;<\/p>\n<p>Versi\u00f3n de uno de los jornaleros agredidos, revela que el grupo de trabajadores del campo al terminar su jornada laboral alrededor de las 12.20 de mediod\u00eda en el rancho \u00abSan Francisco\u00bb, viajaba sobre una brecha que comunica de los ejidos \u00abSalom\u00f3n Quihuis\u00bb al ejido \u00abYaqui Justiciero\u00bb cuando fueron agredidos por hombres armados.<\/p>\n<p>&nbsp;<\/p>\n<p>Los agresores dispararon discrecionalmente contra la Van y sus ocupantes.<\/p>\n<p>&nbsp;<\/p>\n<p>En el lugar, los tres jovencitos de 15 a\u00f1os quedaron sin vida.<\/p>\n<p>&nbsp;<\/p>\n<p>La joven mujer de nombre Y\u00e9ssica Yessenia, junto con el resto del grupo de 7 jornaleros lesionados por los proyectiles, fue trasladada en la caja de un pickup color gris con la ayuda de sus compa\u00f1eros.<\/p>\n<p><img loading=\"lazy\" decoding=\"async\" class=\"alignnone  wp-image-55578\" src=\"https:\/\/irreverentenoticias.com\/24\/wp-content\/uploads\/2024\/02\/7365cacc-eec8-4733-b736-d4d007da643c-300x185.jpg\" alt=\"\" width=\"436\" height=\"269\" srcset=\"https:\/\/irreverentenoticias.com\/24\/wp-content\/uploads\/2024\/02\/7365cacc-eec8-4733-b736-d4d007da643c-300x185.jpg 300w, https:\/\/irreverentenoticias.com\/24\/wp-content\/uploads\/2024\/02\/7365cacc-eec8-4733-b736-d4d007da643c.jpg 400w\" sizes=\"auto, (max-width: 436px) 100vw, 436px\" \/><\/p>\n<p>El rescate<\/p>\n<p>&nbsp;<\/p>\n<p>Uno de los agredidos se\u00f1ala que en el auto de apoyo avanzaron unos 18 a 20 kil\u00f3metros mientras solicitaban auxilio v\u00eda celular a la Cruz Roja.<\/p>\n<p>&nbsp;<\/p>\n<p>En la entrada a Caborca fueron atendidos por rescatistas que los trasladaron al hospital del IMSS-Bienestar para recibir atenci\u00f3n m\u00e9dica.<\/p>\n<p>&nbsp;<\/p>\n<p>Sin embargo, la joven mujer originaria de Michoac\u00e1n, perdi\u00f3 la vida en el punto de encuentro con los socorristas de la Cruz Roja, al no superar las heridas.<\/p>\n<p>&nbsp;<\/p>\n<p>Al lugar llegaron periodistas de Caborca para cubrir el tr\u00e1gico ataque al grupo de jornaleros agr\u00edcolas.<\/p>\n<p>&nbsp;<\/p>\n<p>El IMSS-Bienestar<\/p>\n<p><img loading=\"lazy\" decoding=\"async\" class=\"alignnone  wp-image-55579\" src=\"https:\/\/irreverentenoticias.com\/24\/wp-content\/uploads\/2024\/02\/6653ca3c-a4c7-45a6-b65c-9b529c4658bc-300x286.jpg\" alt=\"\" width=\"445\" height=\"424\" srcset=\"https:\/\/irreverentenoticias.com\/24\/wp-content\/uploads\/2024\/02\/6653ca3c-a4c7-45a6-b65c-9b529c4658bc-300x286.jpg 300w, https:\/\/irreverentenoticias.com\/24\/wp-content\/uploads\/2024\/02\/6653ca3c-a4c7-45a6-b65c-9b529c4658bc-440x420.jpg 440w, https:\/\/irreverentenoticias.com\/24\/wp-content\/uploads\/2024\/02\/6653ca3c-a4c7-45a6-b65c-9b529c4658bc-640x611.jpg 640w, https:\/\/irreverentenoticias.com\/24\/wp-content\/uploads\/2024\/02\/6653ca3c-a4c7-45a6-b65c-9b529c4658bc-681x650.jpg 681w, https:\/\/irreverentenoticias.com\/24\/wp-content\/uploads\/2024\/02\/6653ca3c-a4c7-45a6-b65c-9b529c4658bc.jpg 720w\" sizes=\"auto, (max-width: 445px) 100vw, 445px\" \/><\/p>\n<p>En el hospital de Caborca, aparentemente personal m\u00e9dico s\u00f3lo se limit\u00f3 a limpiar las heridas de los lesionados.<\/p>\n<p>&nbsp;<\/p>\n<p>Lo anterior, sin realizar intervenci\u00f3n quir\u00fargica alguna para extraer las balas de los heridos, denunciaron familiares a la prensa.<\/p>\n<p>&nbsp;<\/p>\n<p>A\u00fan con balas dentro, 5 jornaleros heridos fueron dados de alta por personal del hospital del IMSS-Bienestar de Caborca.<\/p>\n<p>&nbsp;<\/p>\n<p>Familiares de 3 mujeres y 2 hombres sobrevivientes al ataque armado de este domingo, denunciaron p\u00fablicamente este acto cruel e inhumano de los m\u00e9dicos del hospital.<\/p>\n<p>&nbsp;<\/p>\n<p>Aseguraron que los 5 heridos a\u00fan ten\u00edan proyectiles incrustados en sus cuerpos al momento de \u00abdarlos de alta\u00bb.<\/p>\n<p>&nbsp;<\/p>\n<p>Los lesionados<\/p>\n<p>&nbsp;<\/p>\n<p>Uno de los lesionados fue identificado como Miguel \u00c1ngel R. D. de s\u00f3lo 16 a\u00f1os de edad, originario de Michoac\u00e1n quien present\u00f3 lesi\u00f3n en pie derecho.<\/p>\n<p>&nbsp;<\/p>\n<p>Un segundo lesionado es Jos\u00e9 Efra\u00edn P. C. de 44 a\u00f1os, originario de Caborca, con herido de bala con entrada y salida en el extern\u00f3n, con salida en t\u00f3rax anterior.<\/p>\n<p>&nbsp;<\/p>\n<p>Un tercer lesionado result\u00f3 la se\u00f1ora Elsa V. de 42 a\u00f1os, de\u00a0 Michoac\u00e1n y fue atenida por probable esquirla en parte esfenoidal.<\/p>\n<p>&nbsp;<\/p>\n<p>Un cuarto lesiobado es Daniel L. V. de 22 a\u00f1os, de Michoac\u00e1n quien result\u00f3 con lesi\u00f3n por esquirla en espalda del lado derecho.<\/p>\n<p>&nbsp;<\/p>\n<p>El quinto lesionado es Santiago Mat\u00edas A. de 28 a\u00f1os, originario de Caborca quien presenta lesi\u00f3n por impacto de bala en brazo derecho.<\/p>\n<p>&nbsp;<\/p>\n<p>La sexta lesionada es Juana M. de Jes\u00fas, de 60 a\u00f1os, originaria de Oaxaca quien result\u00f3 con herida de bala en el antebrazo izquierdo.<\/p>\n<p>&nbsp;<\/p>\n<p>La s\u00e9ptima lesionada es Lorenia G. S. de 46 a\u00f1os, originaria de Caborca, quie presenta herida de bala en antebrazo izquierdo y en el\u00a0 abdomen de lado derecho.<\/p>\n<p><img loading=\"lazy\" decoding=\"async\" class=\"alignnone  wp-image-55580\" src=\"https:\/\/irreverentenoticias.com\/24\/wp-content\/uploads\/2024\/02\/7365cacc-eec8-4733-b736-d4d007da643c-1-300x185.jpg\" alt=\"\" width=\"443\" height=\"273\" srcset=\"https:\/\/irreverentenoticias.com\/24\/wp-content\/uploads\/2024\/02\/7365cacc-eec8-4733-b736-d4d007da643c-1-300x185.jpg 300w, https:\/\/irreverentenoticias.com\/24\/wp-content\/uploads\/2024\/02\/7365cacc-eec8-4733-b736-d4d007da643c-1.jpg 400w\" sizes=\"auto, (max-width: 443px) 100vw, 443px\" \/><\/p>\n<p>Los familiares<\/p>\n<p>&nbsp;<\/p>\n<p>Los jornaleros fueron llevados a la Cruz Roja para recibir la atenci\u00f3n m\u00e9dica necesaria durante la tarde del domingo.<\/p>\n<p>&nbsp;<\/p>\n<p>Indignados, los familiares clamaron la ayuda de las y los reporteros que cubrieron los hechos a mediod\u00eda del domingo.<\/p>\n<p>&nbsp;<\/p>\n<p>Insistieron en que los jornaleros lesionados fueron abandonados a su suerte.<\/p>\n<p>&nbsp;<\/p>\n<p>La noche del domingo, al menos 2 lesionados fueron trasladados a Hermosillo para removerles las esquirlas de bala que a\u00fan ten\u00edan en sus cuerpos.<\/p>\n<p>&nbsp;<\/p>\n<p>La FGJE<\/p>\n<p><img loading=\"lazy\" decoding=\"async\" class=\"alignnone  wp-image-55581\" src=\"https:\/\/irreverentenoticias.com\/24\/wp-content\/uploads\/2024\/02\/a7abf5e1-2d04-4fe5-8667-d8efa1c7f36d-300x179.jpg\" alt=\"\" width=\"437\" height=\"261\" srcset=\"https:\/\/irreverentenoticias.com\/24\/wp-content\/uploads\/2024\/02\/a7abf5e1-2d04-4fe5-8667-d8efa1c7f36d-300x179.jpg 300w, https:\/\/irreverentenoticias.com\/24\/wp-content\/uploads\/2024\/02\/a7abf5e1-2d04-4fe5-8667-d8efa1c7f36d-705x420.jpg 705w, https:\/\/irreverentenoticias.com\/24\/wp-content\/uploads\/2024\/02\/a7abf5e1-2d04-4fe5-8667-d8efa1c7f36d-640x381.jpg 640w, https:\/\/irreverentenoticias.com\/24\/wp-content\/uploads\/2024\/02\/a7abf5e1-2d04-4fe5-8667-d8efa1c7f36d-681x406.jpg 681w, https:\/\/irreverentenoticias.com\/24\/wp-content\/uploads\/2024\/02\/a7abf5e1-2d04-4fe5-8667-d8efa1c7f36d.jpg 720w\" sizes=\"auto, (max-width: 437px) 100vw, 437px\" \/><\/p>\n<p>En una aparente confusi\u00f3n, el comando armado que se dio a la fuga priv\u00f3 de la vida a 4 jornaleros agr\u00edcolas e hiri\u00f3 a otros 7.<\/p>\n<p>&nbsp;<\/p>\n<p>La Fiscal\u00eda de Justicia del Estado de Sonora (FGJE) confirm\u00f3 el tr\u00e1gico hecho donde los trabajadores del campo perdieron la vida en el ataque armado.<\/p>\n<p>&nbsp;<\/p>\n<p>La FGJE apunt\u00f3 que los acontecimientos ocurrieron este domingo 4 de febrero en la zona mencionada aproximadamente a las 12:30 horas.<\/p>\n<p>&nbsp;<\/p>\n<p>Lo anterior cuando un grupo de 29 trabajadores agr\u00edcolas se transportaban en una camioneta tipo Van y fueron atacados con disparos por criminales \u00abque se encontraban apostados en las alturas de un cerro en la localidad\u00bb.<\/p>\n<p>&nbsp;<\/p>\n<p>La Fiscal\u00eda expone que \u00abel conductor de la Van detuvo la marcha del transporte y gritaron a los agresores que eran trabajadores del campo, lo que provoc\u00f3 que el ataque cesara\u00bb.<\/p>\n<p>&nbsp;<\/p>\n<p>Lamentablemente, \u00abfallecieron\u00a0 cuatro personas y siete m\u00e1s resultaron lesionados\u00bb.<\/p>\n<p>&nbsp;<\/p>\n<p>La FGJE indic\u00f3 adem\u00e1s que \u00ablas instituciones de la Mesa de Seguridad de Sonora establecieron un operativo en la zona para la b\u00fasqueda de los agresores\u00bb.<\/p>\n<p>&nbsp;<\/p>\n<p>La ma\u00f1ana del lunes a\u00fan no se ten\u00edan registros de la detenci\u00f3n de los criminales\u00a0\u00a0 que privaron de la vida a los tres menores y a la joven mujer jornaleros agr\u00edcolas.<\/p>\n","protected":false},"excerpt":{"rendered":"<p>Alejandro Matty Ortega\/Irreverente Noticias\/Repotaje Especial &nbsp; Caborca, Sonora (IN).- Tres menores de apenas 15 a\u00f1os de edad y<\/p>\n","protected":false},"author":2,"featured_media":55576,"comment_status":"closed","ping_status":"closed","sticky":false,"template":"","format":"standard","meta":{"footnotes":""},"categories":[22,27,39,28,29,38,30,18],"tags":[23,24,25],"class_list":["post-55575","post","type-post","status-publish","format-standard","has-post-thumbnail","hentry","category-local","category-mexico","category-migracion","category-opinion","category-politica","category-salud","category-seguridad","category-sonora","tag-nogales","tag-nogales-la-gran-frontera","tag-sonora-tierra-de-oportunidades"],"featured_image_urls":{"full":["https:\/\/irreverentenoticias.com\/24\/wp-content\/uploads\/2024\/02\/1fa57f1d-c508-4cb7-a74e-6dacce67737d.jpg",424,244,false],"thumbnail":["https:\/\/irreverentenoticias.com\/24\/wp-content\/uploads\/2024\/02\/1fa57f1d-c508-4cb7-a74e-6dacce67737d-150x150.jpg",150,150,true],"medium":["https:\/\/irreverentenoticias.com\/24\/wp-content\/uploads\/2024\/02\/1fa57f1d-c508-4cb7-a74e-6dacce67737d-300x173.jpg",300,173,true],"medium_large":["https:\/\/irreverentenoticias.com\/24\/wp-content\/uploads\/2024\/02\/1fa57f1d-c508-4cb7-a74e-6dacce67737d.jpg",424,244,false],"large":["https:\/\/irreverentenoticias.com\/24\/wp-content\/uploads\/2024\/02\/1fa57f1d-c508-4cb7-a74e-6dacce67737d.jpg",424,244,false],"1536x1536":["https:\/\/irreverentenoticias.com\/24\/wp-content\/uploads\/2024\/02\/1fa57f1d-c508-4cb7-a74e-6dacce67737d.jpg",424,244,false],"2048x2048":["https:\/\/irreverentenoticias.com\/24\/wp-content\/uploads\/2024\/02\/1fa57f1d-c508-4cb7-a74e-6dacce67737d.jpg",424,244,false],"darknews-slider-full":["https:\/\/irreverentenoticias.com\/24\/wp-content\/uploads\/2024\/02\/1fa57f1d-c508-4cb7-a74e-6dacce67737d.jpg",424,244,false],"darknews-featured":["https:\/\/irreverentenoticias.com\/24\/wp-content\/uploads\/2024\/02\/1fa57f1d-c508-4cb7-a74e-6dacce67737d.jpg",424,244,false],"darknews-medium":["https:\/\/irreverentenoticias.com\/24\/wp-content\/uploads\/2024\/02\/1fa57f1d-c508-4cb7-a74e-6dacce67737d.jpg",424,244,false],"darknews-medium-square":["https:\/\/irreverentenoticias.com\/24\/wp-content\/uploads\/2024\/02\/1fa57f1d-c508-4cb7-a74e-6dacce67737d.jpg",350,201,false]},"author_info":{"display_name":"Redaccion","author_link":"https:\/\/irreverentenoticias.com\/24\/index.php\/author\/redaccion\/"},"category_info":"<a href=\"https:\/\/irreverentenoticias.com\/24\/index.php\/category\/local\/\" rel=\"category tag\">LOCAL<\/a> <a href=\"https:\/\/irreverentenoticias.com\/24\/index.php\/category\/mexico\/\" rel=\"category tag\">MEXICO<\/a> <a href=\"https:\/\/irreverentenoticias.com\/24\/index.php\/category\/migracion\/\" rel=\"category tag\">MIGRACION<\/a> <a href=\"https:\/\/irreverentenoticias.com\/24\/index.php\/category\/opinion\/\" rel=\"category tag\">OPINION<\/a> <a href=\"https:\/\/irreverentenoticias.com\/24\/index.php\/category\/politica\/\" rel=\"category tag\">POLITICA<\/a> <a href=\"https:\/\/irreverentenoticias.com\/24\/index.php\/category\/salud\/\" rel=\"category tag\">SALUD<\/a> <a href=\"https:\/\/irreverentenoticias.com\/24\/index.php\/category\/seguridad\/\" rel=\"category tag\">SEGURIDAD<\/a> <a href=\"https:\/\/irreverentenoticias.com\/24\/index.php\/category\/sonora\/\" rel=\"category tag\">SONORA<\/a>","tag_info":"SONORA","comment_count":"0","_links":{"self":[{"href":"https:\/\/irreverentenoticias.com\/24\/index.php\/wp-json\/wp\/v2\/posts\/55575","targetHints":{"allow":["GET"]}}],"collection":[{"href":"https:\/\/irreverentenoticias.com\/24\/index.php\/wp-json\/wp\/v2\/posts"}],"about":[{"href":"https:\/\/irreverentenoticias.com\/24\/index.php\/wp-json\/wp\/v2\/types\/post"}],"author":[{"embeddable":true,"href":"https:\/\/irreverentenoticias.com\/24\/index.php\/wp-json\/wp\/v2\/users\/2"}],"replies":[{"embeddable":true,"href":"https:\/\/irreverentenoticias.com\/24\/index.php\/wp-json\/wp\/v2\/comments?post=55575"}],"version-history":[{"count":0,"href":"https:\/\/irreverentenoticias.com\/24\/index.php\/wp-json\/wp\/v2\/posts\/55575\/revisions"}],"wp:featuredmedia":[{"embeddable":true,"href":"https:\/\/irreverentenoticias.com\/24\/index.php\/wp-json\/wp\/v2\/media\/55576"}],"wp:attachment":[{"href":"https:\/\/irreverentenoticias.com\/24\/index.php\/wp-json\/wp\/v2\/media?parent=55575"}],"wp:term":[{"taxonomy":"category","embeddable":true,"href":"https:\/\/irreverentenoticias.com\/24\/index.php\/wp-json\/wp\/v2\/categories?post=55575"},{"taxonomy":"post_tag","embeddable":true,"href":"https:\/\/irreverentenoticias.com\/24\/index.php\/wp-json\/wp\/v2\/tags?post=55575"}],"curies":[{"name":"wp","href":"https:\/\/api.w.org\/{rel}","templated":true}]}}