{"id":55563,"date":"2024-02-04T22:54:30","date_gmt":"2024-02-04T22:54:30","guid":{"rendered":"https:\/\/elpajaritonews.com\/?p=55563"},"modified":"2024-02-04T22:54:30","modified_gmt":"2024-02-04T22:54:30","slug":"supervisa-gobernador-durazo-inicio-de-renovacion-del-muelle-de-guaymas","status":"publish","type":"post","link":"https:\/\/irreverentenoticias.com\/24\/index.php\/2024\/02\/04\/supervisa-gobernador-durazo-inicio-de-renovacion-del-muelle-de-guaymas\/","title":{"rendered":"SUPERVISA GOBERNADOR DURAZO INICIO DE RENOVACI\u00d3N DEL MUELLE DE GUAYMAS"},"content":{"rendered":"<p>Este proyecto forma parte de la modernizaci\u00f3n del Puerto de Guaymas y atraer\u00e1 m\u00e1s inversi\u00f3n a Sonora<\/p>\n<p>&nbsp;<\/p>\n<p>La modernizaci\u00f3n del Puerto de Guaymas tiene ya un avance significativo y ya se inici\u00f3 el proceso de renovaci\u00f3n del muelle, proyecto clave para la atracci\u00f3n de nuevas inversiones a Sonora, explic\u00f3 el gobernador Alfonso Durazo Monta\u00f1o.<\/p>\n<p><img loading=\"lazy\" decoding=\"async\" class=\"alignnone  wp-image-55565\" src=\"https:\/\/irreverentenoticias.com\/24\/wp-content\/uploads\/2024\/02\/1d5c503b-fb11-421c-83cb-6a30016a245d-300x169.jpg\" alt=\"\" width=\"550\" height=\"310\" srcset=\"https:\/\/irreverentenoticias.com\/24\/wp-content\/uploads\/2024\/02\/1d5c503b-fb11-421c-83cb-6a30016a245d-300x169.jpg 300w, https:\/\/irreverentenoticias.com\/24\/wp-content\/uploads\/2024\/02\/1d5c503b-fb11-421c-83cb-6a30016a245d-1024x576.jpg 1024w, https:\/\/irreverentenoticias.com\/24\/wp-content\/uploads\/2024\/02\/1d5c503b-fb11-421c-83cb-6a30016a245d-768x432.jpg 768w, https:\/\/irreverentenoticias.com\/24\/wp-content\/uploads\/2024\/02\/1d5c503b-fb11-421c-83cb-6a30016a245d-1536x864.jpg 1536w, https:\/\/irreverentenoticias.com\/24\/wp-content\/uploads\/2024\/02\/1d5c503b-fb11-421c-83cb-6a30016a245d-747x420.jpg 747w, https:\/\/irreverentenoticias.com\/24\/wp-content\/uploads\/2024\/02\/1d5c503b-fb11-421c-83cb-6a30016a245d-640x360.jpg 640w, https:\/\/irreverentenoticias.com\/24\/wp-content\/uploads\/2024\/02\/1d5c503b-fb11-421c-83cb-6a30016a245d-681x383.jpg 681w, https:\/\/irreverentenoticias.com\/24\/wp-content\/uploads\/2024\/02\/1d5c503b-fb11-421c-83cb-6a30016a245d.jpg 1600w\" sizes=\"auto, (max-width: 550px) 100vw, 550px\" \/><\/p>\n<p>El mandatario estatal, junto al secretario de Marina, Jos\u00e9 Rafael Ojeda Dur\u00e1n, y Rogelio Bello Aguilar, director general de Asipona Guaymas, supervisaron los avances y el inicio de los trabajos de renovaci\u00f3n del muelle.<\/p>\n<p>&nbsp;<\/p>\n<p>\u201cSe le dice muelle de \u2018chalanes\u2019 porque solamente puede recibir embarcaciones peque\u00f1as, pr\u00e1cticamente casi puras pangas, no tiene capacidad para recibir un barco de carga, una vez modernizado va a multiplicar la capacidad el puerto para recibir contenedores\u201d, explic\u00f3.<\/p>\n<p><img loading=\"lazy\" decoding=\"async\" class=\"alignnone  wp-image-55566\" src=\"https:\/\/irreverentenoticias.com\/24\/wp-content\/uploads\/2024\/02\/63a9674f-96e3-466b-bd53-f7a757ab0d2e-300x200.jpg\" alt=\"\" width=\"540\" height=\"360\" srcset=\"https:\/\/irreverentenoticias.com\/24\/wp-content\/uploads\/2024\/02\/63a9674f-96e3-466b-bd53-f7a757ab0d2e-300x200.jpg 300w, https:\/\/irreverentenoticias.com\/24\/wp-content\/uploads\/2024\/02\/63a9674f-96e3-466b-bd53-f7a757ab0d2e-1024x682.jpg 1024w, https:\/\/irreverentenoticias.com\/24\/wp-content\/uploads\/2024\/02\/63a9674f-96e3-466b-bd53-f7a757ab0d2e-768x512.jpg 768w, https:\/\/irreverentenoticias.com\/24\/wp-content\/uploads\/2024\/02\/63a9674f-96e3-466b-bd53-f7a757ab0d2e-630x420.jpg 630w, https:\/\/irreverentenoticias.com\/24\/wp-content\/uploads\/2024\/02\/63a9674f-96e3-466b-bd53-f7a757ab0d2e-640x427.jpg 640w, https:\/\/irreverentenoticias.com\/24\/wp-content\/uploads\/2024\/02\/63a9674f-96e3-466b-bd53-f7a757ab0d2e-681x454.jpg 681w, https:\/\/irreverentenoticias.com\/24\/wp-content\/uploads\/2024\/02\/63a9674f-96e3-466b-bd53-f7a757ab0d2e.jpg 1280w\" sizes=\"auto, (max-width: 540px) 100vw, 540px\" \/><\/p>\n<p>Con el inicio de la remodelaci\u00f3n del muelle, el gobernador Durazo Monta\u00f1o reafirm\u00f3 su compromiso de que los trabajos de la modernizaci\u00f3n del Puerto de Guaymas concluir\u00e1n y ser\u00e1n inauguradas por el presidente Andr\u00e9s Manuel L\u00f3pez Obrador antes de finalizar su administraci\u00f3n.<\/p>\n<p><img loading=\"lazy\" decoding=\"async\" class=\"alignnone  wp-image-55567\" src=\"https:\/\/irreverentenoticias.com\/24\/wp-content\/uploads\/2024\/02\/63a9674f-96e3-466b-bd53-f7a757ab0d2e-1-300x200.jpg\" alt=\"\" width=\"548\" height=\"365\" srcset=\"https:\/\/irreverentenoticias.com\/24\/wp-content\/uploads\/2024\/02\/63a9674f-96e3-466b-bd53-f7a757ab0d2e-1-300x200.jpg 300w, https:\/\/irreverentenoticias.com\/24\/wp-content\/uploads\/2024\/02\/63a9674f-96e3-466b-bd53-f7a757ab0d2e-1-1024x682.jpg 1024w, https:\/\/irreverentenoticias.com\/24\/wp-content\/uploads\/2024\/02\/63a9674f-96e3-466b-bd53-f7a757ab0d2e-1-768x512.jpg 768w, https:\/\/irreverentenoticias.com\/24\/wp-content\/uploads\/2024\/02\/63a9674f-96e3-466b-bd53-f7a757ab0d2e-1-630x420.jpg 630w, https:\/\/irreverentenoticias.com\/24\/wp-content\/uploads\/2024\/02\/63a9674f-96e3-466b-bd53-f7a757ab0d2e-1-640x427.jpg 640w, https:\/\/irreverentenoticias.com\/24\/wp-content\/uploads\/2024\/02\/63a9674f-96e3-466b-bd53-f7a757ab0d2e-1-681x454.jpg 681w, https:\/\/irreverentenoticias.com\/24\/wp-content\/uploads\/2024\/02\/63a9674f-96e3-466b-bd53-f7a757ab0d2e-1.jpg 1280w\" sizes=\"auto, (max-width: 548px) 100vw, 548px\" \/><\/p>\n<p>Detall\u00f3 que las cuatro obras desarrolladas son: la habilitaci\u00f3n de patios en su primera etapa, con una inversi\u00f3n de 211.9 millones; dragado de construcci\u00f3n de banda para atraque de buques de gran calado, en la que se invirtieron 220.8 millones; la construcci\u00f3n de la c\u00e1mara frigor\u00edfica de dos contenedores fr\u00edos, con inversi\u00f3n de 14 millones de pesos; y la v\u00eda de accesibilidad al puerto con camino habilitado, y una inversi\u00f3n de 158.1 millones de pesos.<\/p>\n","protected":false},"excerpt":{"rendered":"<p>Este proyecto forma parte de la modernizaci\u00f3n del Puerto de Guaymas y atraer\u00e1 m\u00e1s inversi\u00f3n a Sonora &nbsp;<\/p>\n","protected":false},"author":2,"featured_media":55564,"comment_status":"closed","ping_status":"closed","sticky":false,"template":"","format":"standard","meta":{"footnotes":""},"categories":[32,29,18],"tags":[23,24],"class_list":["post-55563","post","type-post","status-publish","format-standard","has-post-thumbnail","hentry","category-economia","category-politica","category-sonora","tag-nogales","tag-nogales-la-gran-frontera"],"featured_image_urls":{"full":["https:\/\/irreverentenoticias.com\/24\/wp-content\/uploads\/2024\/02\/1347d8ff-4f4e-404c-9daf-5f88e3cbd1f7.jpg",1280,853,false],"thumbnail":["https:\/\/irreverentenoticias.com\/24\/wp-content\/uploads\/2024\/02\/1347d8ff-4f4e-404c-9daf-5f88e3cbd1f7-150x150.jpg",150,150,true],"medium":["https:\/\/irreverentenoticias.com\/24\/wp-content\/uploads\/2024\/02\/1347d8ff-4f4e-404c-9daf-5f88e3cbd1f7-300x200.jpg",300,200,true],"medium_large":["https:\/\/irreverentenoticias.com\/24\/wp-content\/uploads\/2024\/02\/1347d8ff-4f4e-404c-9daf-5f88e3cbd1f7-768x512.jpg",640,427,true],"large":["https:\/\/irreverentenoticias.com\/24\/wp-content\/uploads\/2024\/02\/1347d8ff-4f4e-404c-9daf-5f88e3cbd1f7-1024x682.jpg",640,426,true],"1536x1536":["https:\/\/irreverentenoticias.com\/24\/wp-content\/uploads\/2024\/02\/1347d8ff-4f4e-404c-9daf-5f88e3cbd1f7.jpg",1280,853,false],"2048x2048":["https:\/\/irreverentenoticias.com\/24\/wp-content\/uploads\/2024\/02\/1347d8ff-4f4e-404c-9daf-5f88e3cbd1f7.jpg",1280,853,false],"darknews-slider-full":["https:\/\/irreverentenoticias.com\/24\/wp-content\/uploads\/2024\/02\/1347d8ff-4f4e-404c-9daf-5f88e3cbd1f7.jpg",1080,720,false],"darknews-featured":["https:\/\/irreverentenoticias.com\/24\/wp-content\/uploads\/2024\/02\/1347d8ff-4f4e-404c-9daf-5f88e3cbd1f7.jpg",1024,682,false],"darknews-medium":["https:\/\/irreverentenoticias.com\/24\/wp-content\/uploads\/2024\/02\/1347d8ff-4f4e-404c-9daf-5f88e3cbd1f7.jpg",720,480,false],"darknews-medium-square":["https:\/\/irreverentenoticias.com\/24\/wp-content\/uploads\/2024\/02\/1347d8ff-4f4e-404c-9daf-5f88e3cbd1f7.jpg",350,233,false]},"author_info":{"display_name":"Redaccion","author_link":"https:\/\/irreverentenoticias.com\/24\/index.php\/author\/redaccion\/"},"category_info":"<a href=\"https:\/\/irreverentenoticias.com\/24\/index.php\/category\/economia\/\" rel=\"category tag\">ECONOMIA<\/a> <a href=\"https:\/\/irreverentenoticias.com\/24\/index.php\/category\/politica\/\" rel=\"category tag\">POLITICA<\/a> <a href=\"https:\/\/irreverentenoticias.com\/24\/index.php\/category\/sonora\/\" rel=\"category tag\">SONORA<\/a>","tag_info":"SONORA","comment_count":"0","_links":{"self":[{"href":"https:\/\/irreverentenoticias.com\/24\/index.php\/wp-json\/wp\/v2\/posts\/55563","targetHints":{"allow":["GET"]}}],"collection":[{"href":"https:\/\/irreverentenoticias.com\/24\/index.php\/wp-json\/wp\/v2\/posts"}],"about":[{"href":"https:\/\/irreverentenoticias.com\/24\/index.php\/wp-json\/wp\/v2\/types\/post"}],"author":[{"embeddable":true,"href":"https:\/\/irreverentenoticias.com\/24\/index.php\/wp-json\/wp\/v2\/users\/2"}],"replies":[{"embeddable":true,"href":"https:\/\/irreverentenoticias.com\/24\/index.php\/wp-json\/wp\/v2\/comments?post=55563"}],"version-history":[{"count":0,"href":"https:\/\/irreverentenoticias.com\/24\/index.php\/wp-json\/wp\/v2\/posts\/55563\/revisions"}],"wp:featuredmedia":[{"embeddable":true,"href":"https:\/\/irreverentenoticias.com\/24\/index.php\/wp-json\/wp\/v2\/media\/55564"}],"wp:attachment":[{"href":"https:\/\/irreverentenoticias.com\/24\/index.php\/wp-json\/wp\/v2\/media?parent=55563"}],"wp:term":[{"taxonomy":"category","embeddable":true,"href":"https:\/\/irreverentenoticias.com\/24\/index.php\/wp-json\/wp\/v2\/categories?post=55563"},{"taxonomy":"post_tag","embeddable":true,"href":"https:\/\/irreverentenoticias.com\/24\/index.php\/wp-json\/wp\/v2\/tags?post=55563"}],"curies":[{"name":"wp","href":"https:\/\/api.w.org\/{rel}","templated":true}]}}