{"id":51451,"date":"2024-02-06T16:01:44","date_gmt":"2024-02-06T16:01:44","guid":{"rendered":"https:\/\/charlasdecharles.com\/?p=51451"},"modified":"2024-02-06T16:01:44","modified_gmt":"2024-02-06T16:01:44","slug":"afectara-rehabilitacion-de-bulevar-el-raquet-la-circulacion-vehicular","status":"publish","type":"post","link":"https:\/\/irreverentenoticias.com\/24\/index.php\/2024\/02\/06\/afectara-rehabilitacion-de-bulevar-el-raquet-la-circulacion-vehicular\/","title":{"rendered":"AFECTAR\u00c1 REHABILITACI\u00d3N DE BULEVAR EL RAQUET LA CIRCULACI\u00d3N VEHICULAR"},"content":{"rendered":"\n<p>NOGALES, Son.- El Gobierno de la Ciudad que preside el Alcalde Juan Francisco Gim Nogales informa a la comunidad en general, pero en especial a los residentes de las colonias Luis Donaldo Colosio, California y adyacentes que debido a la rehabilitaci\u00f3n de un tramo del Bulevar El Raquet, a partir del martes 06 de Febrero se afectar\u00e1 la circulaci\u00f3n vehicular.<\/p>\n\n\n\n<p>El Secretario de Infraestructura, Desarrollo Urbano y Ecolog\u00eda Jorge Ignacio Medina Esqueda y la Directora de Obras P\u00fablicas Otilia Verenice Verdugo Castro, dieron a conocer que el tramo afectado comprende desde la Calle Violeta hasta Terrazas, en el que se forma un vado que pone en riesgo a los automovilistas y peatones, por lo que ya solicitaron el apoyo al Jefe del Departamento de Tr\u00e1nsito Municipal Eliceo Estrada Mu\u00f1iz, para el control en la circulaci\u00f3n de autom\u00f3viles.<\/p>\n\n\n\n<p>\u201cVamos a afectar la circulaci\u00f3n vehicular debido a los trabajos que durar\u00e1n aproximadamente 75 d\u00edas, por lo que solicitamos la comprensi\u00f3n de la comunidad y advertimos a los directivos de las empresas ubicadas en el sector para que tomen las medidas pertinentes sobre el traslado de sus productos porque el tr\u00e1nsito vehicular se ver\u00e1 afectado durante la duraci\u00f3n de los trabajos\u201d, expres\u00f3 Verdugo Castro.<\/p>\n\n\n\n<p>La inversi\u00f3n de los trabajos ser\u00e1 de aproximadamente dos millones de pesos y la solicitud es a los automovilistas, para que ahorren tiempo utilizando v\u00edas alternas, debido a que durante muchos a\u00f1os este tramo se ha convertido en un problema para la movilidad, por lo que con esta rehabilitaci\u00f3n se pretende solventar las afectaciones que resultaron tras la pavimentaci\u00f3n del Bulevar El Raquet, provocando enormes hoyancos por deslaves subterr\u00e1neos.<\/p>\n","protected":false},"excerpt":{"rendered":"<p>NOGALES, Son.- El Gobierno de la Ciudad que preside el Alcalde Juan Francisco Gim Nogales informa a la<\/p>\n","protected":false},"author":1,"featured_media":51452,"comment_status":"open","ping_status":"closed","sticky":false,"template":"","format":"standard","meta":{"footnotes":""},"categories":[17],"tags":[],"class_list":["post-51451","post","type-post","status-publish","format-standard","has-post-thumbnail","hentry","category-nogales"],"featured_image_urls":{"full":["https:\/\/irreverentenoticias.com\/24\/wp-content\/uploads\/2024\/02\/Img.jpg",1600,900,false],"thumbnail":["https:\/\/irreverentenoticias.com\/24\/wp-content\/uploads\/2024\/02\/Img-150x150.jpg",150,150,true],"medium":["https:\/\/irreverentenoticias.com\/24\/wp-content\/uploads\/2024\/02\/Img-300x169.jpg",300,169,true],"medium_large":["https:\/\/irreverentenoticias.com\/24\/wp-content\/uploads\/2024\/02\/Img-768x432.jpg",640,360,true],"large":["https:\/\/irreverentenoticias.com\/24\/wp-content\/uploads\/2024\/02\/Img-1024x576.jpg",640,360,true],"1536x1536":["https:\/\/irreverentenoticias.com\/24\/wp-content\/uploads\/2024\/02\/Img-1536x864.jpg",1536,864,true],"2048x2048":["https:\/\/irreverentenoticias.com\/24\/wp-content\/uploads\/2024\/02\/Img.jpg",1600,900,false],"darknews-slider-full":["https:\/\/irreverentenoticias.com\/24\/wp-content\/uploads\/2024\/02\/Img.jpg",1280,720,false],"darknews-featured":["https:\/\/irreverentenoticias.com\/24\/wp-content\/uploads\/2024\/02\/Img.jpg",1024,576,false],"darknews-medium":["https:\/\/irreverentenoticias.com\/24\/wp-content\/uploads\/2024\/02\/Img.jpg",720,405,false],"darknews-medium-square":["https:\/\/irreverentenoticias.com\/24\/wp-content\/uploads\/2024\/02\/Img.jpg",350,197,false]},"author_info":{"display_name":"admin","author_link":"https:\/\/irreverentenoticias.com\/24\/index.php\/author\/adminlegamez\/"},"category_info":"<a href=\"https:\/\/irreverentenoticias.com\/24\/index.php\/category\/nogales\/\" rel=\"category tag\">NOGALES<\/a>","tag_info":"NOGALES","comment_count":"0","_links":{"self":[{"href":"https:\/\/irreverentenoticias.com\/24\/index.php\/wp-json\/wp\/v2\/posts\/51451","targetHints":{"allow":["GET"]}}],"collection":[{"href":"https:\/\/irreverentenoticias.com\/24\/index.php\/wp-json\/wp\/v2\/posts"}],"about":[{"href":"https:\/\/irreverentenoticias.com\/24\/index.php\/wp-json\/wp\/v2\/types\/post"}],"author":[{"embeddable":true,"href":"https:\/\/irreverentenoticias.com\/24\/index.php\/wp-json\/wp\/v2\/users\/1"}],"replies":[{"embeddable":true,"href":"https:\/\/irreverentenoticias.com\/24\/index.php\/wp-json\/wp\/v2\/comments?post=51451"}],"version-history":[{"count":0,"href":"https:\/\/irreverentenoticias.com\/24\/index.php\/wp-json\/wp\/v2\/posts\/51451\/revisions"}],"wp:featuredmedia":[{"embeddable":true,"href":"https:\/\/irreverentenoticias.com\/24\/index.php\/wp-json\/wp\/v2\/media\/51452"}],"wp:attachment":[{"href":"https:\/\/irreverentenoticias.com\/24\/index.php\/wp-json\/wp\/v2\/media?parent=51451"}],"wp:term":[{"taxonomy":"category","embeddable":true,"href":"https:\/\/irreverentenoticias.com\/24\/index.php\/wp-json\/wp\/v2\/categories?post=51451"},{"taxonomy":"post_tag","embeddable":true,"href":"https:\/\/irreverentenoticias.com\/24\/index.php\/wp-json\/wp\/v2\/tags?post=51451"}],"curies":[{"name":"wp","href":"https:\/\/api.w.org\/{rel}","templated":true}]}}